{"id":5256,"date":"2025-07-09T07:43:22","date_gmt":"2025-07-09T07:43:22","guid":{"rendered":"https:\/\/agrupalmeria.com\/?p=5256"},"modified":"2025-07-09T07:47:28","modified_gmt":"2025-07-09T07:47:28","slug":"damos-comienzo-a-la-planificacion-de-los-cultivos-en-invernadero-para-la-proxima-campana-2025-2026","status":"publish","type":"post","link":"https:\/\/agrupalmeria.com\/en\/damos-comienzo-a-la-planificacion-de-los-cultivos-en-invernadero-para-la-proxima-campana-2025-2026\/","title":{"rendered":"Damos comienzo a la planificaci\u00f3n de los cultivos en invernadero para la pr\u00f3xima campa\u00f1a 2025-2026"},"content":{"rendered":"<p><strong>Damos comienzo a la planificaci\u00f3n de los cultivos en invernadero para la pr\u00f3xima campa\u00f1a 2025-2026, y resulta fundamental tener en cuenta una serie de consideraciones t\u00e9cnicas clave que condicionar\u00e1n el buen desarrollo del ciclo productivo.<\/strong><\/p>\n<p><strong>Planificaci\u00f3n del cultivo:<\/strong><br \/>\nLa planificaci\u00f3n del cultivo es una etapa fundamental que determina en gran medida el poder tener \u00e9xito productivo y econ\u00f3mico durante la campa\u00f1a agr\u00edcola. Este proceso comienza con la\u00a0<strong>selecci\u00f3n del cultivo y la variedad m\u00e1s adecuada<\/strong>.<\/p>\n<p>Otra cuesti\u00f3n importante a valorar en la planificaci\u00f3n del cultivo es ajustar la\u00a0<strong>fecha de siembra o trasplante<\/strong> al\u00a0<strong>ciclo fenol\u00f3gico deseado (corto o largo)<\/strong>, teniendo en cuenta el clima de cada zona, para maximizar el rendimiento y minimizar riesgos fitosanitarios. En el caso de utilizar\u00a0<strong>plantas injertadas<\/strong>, es necesario anticipar con mayor previsi\u00f3n la programaci\u00f3n del\u00a0<strong>semillero<\/strong>, ya que el proceso de injerto requiere tiempo adicional de crecimiento.<\/p>\n<p>Adem\u00e1s, si se opta por una estrategia de\u00a0<strong>control biol\u00f3gico<\/strong>, mediante la <strong>introducci\u00f3n<\/strong> <strong>de enemigos naturales<\/strong>, es preciso avisar al semillero en el momento del encargo de siembra, para introducir dichos enemigos en el momento adecuado para favorecer su establecimiento y eficacia en el cultivo. Tambi\u00e9n se pueden realizar sueltas en campo, una vez sembrada la finca.<\/p>\n<p><strong>Pr\u00e1cticas culturales previas a la siembra: Clave para el \u00e9xito agron\u00f3mico<\/strong><\/p>\n<p>La etapa de preparaci\u00f3n previa a la siembra es cr\u00edtica para\u00a0<strong>minimizar riesgos fitosanitarios y fisiol\u00f3gicos<\/strong>,\u00a0<strong>mejorar la eficiencia en el uso de recursos<\/strong>\u00a0and\u00a0<strong>garantizar un adecuado inicio del cultivo<\/strong>. Esta fase, muchas veces subestimada, tiene un impacto directo en la sanidad del sistema productivo, la homogeneidad del desarrollo vegetal y, por ende, en el rendimiento final. Invertir tiempo y esfuerzo en esta etapa se traducir\u00e1 en una mayor sanidad de planta y rendimiento del cultivo. Entre las acciones recomendadas se incluyen:<\/p>\n<ul>\n<li><strong>Eliminaci\u00f3n de restos vegetales<\/strong>: Es indispensable realizar una limpieza exhaustiva del terreno y estructura de cultivo, eliminando cualquier residuo del cultivo anterior que pueda actuar como reservorio de plagas o pat\u00f3genos y cortar tambi\u00e9n el ciclo de enfermedades recurrentes.<\/li>\n<li><strong>Preparaci\u00f3n del suelo o sustrato<\/strong>: Para que las condiciones sean \u00f3ptimas antes de la implantaci\u00f3n del cultivo se pueden realizar:\n<ul>\n<li><strong>Labores de aireaci\u00f3n o descompactaci\u00f3n<\/strong> para mejorar la estructura y facilitar el desarrollo radicular.<\/li>\n<li><strong>Nivelaci\u00f3n<\/strong>\u00a0del terreno para evitar encharcamientos o desequilibrios h\u00eddricos.<\/li>\n<li><strong>Aporte de materia org\u00e1nica o compost<\/strong>, con el fin de mejorar la fertilidad y la actividad biol\u00f3gica del suelo, realizando <strong>retranqueo<\/strong> si fuese necesario.<\/li>\n<li><strong>Acolchado del suelo<\/strong> para reducir el consumo de agua y limitar el desarrollo de malas hierbas, favoreciendo a su vez la estabilidad t\u00e9rmica del entorno radicular.<\/li>\n<li>En cultivos en sustrato, se evaluar\u00e1 la\u00a0<strong>sustituci\u00f3n o desinfecci\u00f3n del mismo<\/strong>, en funci\u00f3n del estado de uso y sanidad de las tablas.<\/li>\n<\/ul>\n<\/li>\n<\/ul>\n<ul>\n<li><strong>Riegos de lavado<\/strong>y\/o\u00a0<strong>solarizaci\u00f3n<\/strong> para disminuir la concentraci\u00f3n de sales en el perfil del suelo, que lleva a un menor desarrollo y producci\u00f3n del cultivo y evitar problemas de toxicidad en tallos y hojas por acumulaci\u00f3n de estos iones.<\/li>\n<\/ul>\n<ul>\n<li><strong>Verificaci\u00f3n del sistema de riego<\/strong>: Es imprescindible comprobar la integridad y el buen funcionamiento del sistema de riego (goteros, presi\u00f3n, uniformidad de aplicaci\u00f3n), dado que de \u00e9l depende la eficiencia h\u00eddrica y la correcta distribuci\u00f3n de fertilizantes.<\/li>\n<li><strong>Mantenimiento de la infraestructura agr\u00edcola<\/strong>: Realizar el mantenimiento de <strong>bandas perimetrales<\/strong>,\u00a0<strong>cubierta del invernadero<\/strong>\u00a0y de\u00a0<strong>puertas y dobles puertas de acceso<\/strong>, asegurando la\u00a0<strong>estanqueidad de la estructura<\/strong>\u00a0para prevenir entradas no deseadas de plagas o corrientes de aire no controladas.<\/li>\n<li><strong>T\u00e9cnicas de Control Integrado y monitoreo<\/strong>: Una vez instalado el cultivo, es recomendable el uso de herramientas de\u00a0<strong>monitorizaci\u00f3n y\/o control biol\u00f3gico<\/strong>, como:\n<ul>\n<li><strong>Introducci\u00f3n de fauna auxiliar<\/strong> seg\u00fan el cultivo.<\/li>\n<li><strong>Placas crom\u00e1ticas adhesivas<\/strong> para detecci\u00f3n precoz y captura de enemigos plaga.<\/li>\n<li><strong>Difusores de feromonas<\/strong> para el monitoreo o confusi\u00f3n sexual de ciertas plagas.<\/li>\n<li><strong>Instalaci\u00f3n de plantas refugio<\/strong>, en fincas en las que se introduzca fauna auxiliar para preservar la permanencia de esos enemigos naturales y su actividad frente a las plagas.<\/li>\n<\/ul>\n<\/li>\n<\/ul>","protected":false},"excerpt":{"rendered":"<p>Damos comienzo a la planificaci\u00f3n de los cultivos en invernadero para la pr\u00f3xima campa\u00f1a 2025-2026, y resulta fundamental tener en cuenta una serie de consideraciones t\u00e9cnicas clave que condicionar\u00e1n el buen desarrollo del ciclo productivo. Planificaci\u00f3n del cultivo: La planificaci\u00f3n del cultivo es una etapa fundamental que determina en gran medida el poder tener \u00e9xito &hellip; <\/p>\n<p class=\"more-link-wrap\"><a href=\"https:\/\/agrupalmeria.com\/en\/damos-comienzo-a-la-planificacion-de-los-cultivos-en-invernadero-para-la-proxima-campana-2025-2026\/\" class=\"more-link\">Read More<span class=\"screen-reader-text\"> \u00abDamos comienzo a la planificaci\u00f3n de los cultivos en invernadero para la pr\u00f3xima campa\u00f1a 2025-2026\u00bb<\/span><\/a><\/p>","protected":false},"author":1,"featured_media":5259,"comment_status":"closed","ping_status":"open","sticky":false,"template":"","format":"standard","meta":{"inline_featured_image":false,"wprm-recipe-roundup-name":"","wprm-recipe-roundup-description":"","footnotes":""},"categories":[350],"tags":[],"class_list":["post-5256","post","type-post","status-publish","format-standard","has-post-thumbnail","hentry","category-campana"],"yoast_head":"<!-- This site is optimized with the Yoast SEO Premium plugin v18.9 (Yoast SEO v27.4) - https:\/\/yoast.com\/product\/yoast-seo-premium-wordpress\/ -->\n<title>Damos comienzo a la planificaci\u00f3n de los cultivos en invernadero para la pr\u00f3xima campa\u00f1a 2025-2026 - Agrupalmer\u00eda<\/title>\n<meta name=\"robots\" content=\"index, follow, max-snippet:-1, max-image-preview:large, max-video-preview:-1\" \/>\n<link rel=\"canonical\" href=\"https:\/\/agrupalmeria.com\/en\/damos-comienzo-a-la-planificacion-de-los-cultivos-en-invernadero-para-la-proxima-campana-2025-2026\/\" \/>\n<meta property=\"og:locale\" content=\"en_GB\" \/>\n<meta property=\"og:type\" content=\"article\" \/>\n<meta property=\"og:title\" content=\"Damos comienzo a la planificaci\u00f3n de los cultivos en invernadero para la pr\u00f3xima campa\u00f1a 2025-2026\" \/>\n<meta property=\"og:description\" content=\"Damos comienzo a la planificaci\u00f3n de los cultivos en invernadero para la pr\u00f3xima campa\u00f1a 2025-2026, y resulta fundamental tener en cuenta una serie de consideraciones t\u00e9cnicas clave que condicionar\u00e1n el buen desarrollo del ciclo productivo. Planificaci\u00f3n del cultivo: La planificaci\u00f3n del cultivo es una etapa fundamental que determina en gran medida el poder tener \u00e9xito &hellip; Read More &quot;Damos comienzo a la planificaci\u00f3n de los cultivos en invernadero para la pr\u00f3xima campa\u00f1a 2025-2026&quot;\" \/>\n<meta property=\"og:url\" content=\"https:\/\/agrupalmeria.com\/en\/damos-comienzo-a-la-planificacion-de-los-cultivos-en-invernadero-para-la-proxima-campana-2025-2026\/\" \/>\n<meta property=\"og:site_name\" content=\"Agrupalmer\u00eda\" \/>\n<meta property=\"article:published_time\" content=\"2025-07-09T07:43:22+00:00\" \/>\n<meta property=\"article:modified_time\" content=\"2025-07-09T07:47:28+00:00\" \/>\n<meta property=\"og:image\" content=\"https:\/\/agrupalmeria.com\/wp-content\/uploads\/2025\/07\/Cabecera-blog-Agrupa-.png\" \/>\n\t<meta property=\"og:image:width\" content=\"1288\" \/>\n\t<meta property=\"og:image:height\" content=\"859\" \/>\n\t<meta property=\"og:image:type\" content=\"image\/png\" \/>\n<meta name=\"author\" content=\"agrupacanada\" \/>\n<meta name=\"twitter:card\" content=\"summary_large_image\" \/>\n<meta name=\"twitter:label1\" content=\"Written by\" \/>\n\t<meta name=\"twitter:data1\" content=\"agrupacanada\" \/>\n\t<meta name=\"twitter:label2\" content=\"Estimated reading time\" \/>\n\t<meta name=\"twitter:data2\" content=\"4 minutes\" \/>\n<script type=\"application\/ld+json\" class=\"yoast-schema-graph\">{\"@context\":\"https:\\\/\\\/schema.org\",\"@graph\":[{\"@type\":[\"Article\",\"BlogPosting\"],\"@id\":\"https:\\\/\\\/agrupalmeria.com\\\/damos-comienzo-a-la-planificacion-de-los-cultivos-en-invernadero-para-la-proxima-campana-2025-2026\\\/#article\",\"isPartOf\":{\"@id\":\"https:\\\/\\\/agrupalmeria.com\\\/damos-comienzo-a-la-planificacion-de-los-cultivos-en-invernadero-para-la-proxima-campana-2025-2026\\\/\"},\"author\":{\"name\":\"agrupacanada\",\"@id\":\"https:\\\/\\\/agrupalmeria.com\\\/#\\\/schema\\\/person\\\/222c8c177ed35895570b6dccfdf53704\"},\"headline\":\"Damos comienzo a la planificaci\u00f3n de los cultivos en invernadero para la pr\u00f3xima campa\u00f1a 2025-2026\",\"datePublished\":\"2025-07-09T07:43:22+00:00\",\"dateModified\":\"2025-07-09T07:47:28+00:00\",\"mainEntityOfPage\":{\"@id\":\"https:\\\/\\\/agrupalmeria.com\\\/damos-comienzo-a-la-planificacion-de-los-cultivos-en-invernadero-para-la-proxima-campana-2025-2026\\\/\"},\"wordCount\":728,\"publisher\":{\"@id\":\"https:\\\/\\\/agrupalmeria.com\\\/#organization\"},\"image\":{\"@id\":\"https:\\\/\\\/agrupalmeria.com\\\/damos-comienzo-a-la-planificacion-de-los-cultivos-en-invernadero-para-la-proxima-campana-2025-2026\\\/#primaryimage\"},\"thumbnailUrl\":\"https:\\\/\\\/agrupalmeria.com\\\/wp-content\\\/uploads\\\/2025\\\/07\\\/Cabecera-blog-Agrupa-.png\",\"articleSection\":[\"Campa\u00f1a\"],\"inLanguage\":\"en-GB\"},{\"@type\":[\"WebPage\",\"ItemPage\"],\"@id\":\"https:\\\/\\\/agrupalmeria.com\\\/damos-comienzo-a-la-planificacion-de-los-cultivos-en-invernadero-para-la-proxima-campana-2025-2026\\\/\",\"url\":\"https:\\\/\\\/agrupalmeria.com\\\/damos-comienzo-a-la-planificacion-de-los-cultivos-en-invernadero-para-la-proxima-campana-2025-2026\\\/\",\"name\":\"Damos comienzo a la planificaci\u00f3n de los cultivos en invernadero para la pr\u00f3xima campa\u00f1a 2025-2026 - Agrupalmer\u00eda\",\"isPartOf\":{\"@id\":\"https:\\\/\\\/agrupalmeria.com\\\/#website\"},\"primaryImageOfPage\":{\"@id\":\"https:\\\/\\\/agrupalmeria.com\\\/damos-comienzo-a-la-planificacion-de-los-cultivos-en-invernadero-para-la-proxima-campana-2025-2026\\\/#primaryimage\"},\"image\":{\"@id\":\"https:\\\/\\\/agrupalmeria.com\\\/damos-comienzo-a-la-planificacion-de-los-cultivos-en-invernadero-para-la-proxima-campana-2025-2026\\\/#primaryimage\"},\"thumbnailUrl\":\"https:\\\/\\\/agrupalmeria.com\\\/wp-content\\\/uploads\\\/2025\\\/07\\\/Cabecera-blog-Agrupa-.png\",\"datePublished\":\"2025-07-09T07:43:22+00:00\",\"dateModified\":\"2025-07-09T07:47:28+00:00\",\"breadcrumb\":{\"@id\":\"https:\\\/\\\/agrupalmeria.com\\\/damos-comienzo-a-la-planificacion-de-los-cultivos-en-invernadero-para-la-proxima-campana-2025-2026\\\/#breadcrumb\"},\"inLanguage\":\"en-GB\",\"potentialAction\":[{\"@type\":\"ReadAction\",\"target\":[\"https:\\\/\\\/agrupalmeria.com\\\/damos-comienzo-a-la-planificacion-de-los-cultivos-en-invernadero-para-la-proxima-campana-2025-2026\\\/\"]}]},{\"@type\":\"ImageObject\",\"inLanguage\":\"en-GB\",\"@id\":\"https:\\\/\\\/agrupalmeria.com\\\/damos-comienzo-a-la-planificacion-de-los-cultivos-en-invernadero-para-la-proxima-campana-2025-2026\\\/#primaryimage\",\"url\":\"https:\\\/\\\/agrupalmeria.com\\\/wp-content\\\/uploads\\\/2025\\\/07\\\/Cabecera-blog-Agrupa-.png\",\"contentUrl\":\"https:\\\/\\\/agrupalmeria.com\\\/wp-content\\\/uploads\\\/2025\\\/07\\\/Cabecera-blog-Agrupa-.png\",\"width\":1288,\"height\":859},{\"@type\":\"BreadcrumbList\",\"@id\":\"https:\\\/\\\/agrupalmeria.com\\\/damos-comienzo-a-la-planificacion-de-los-cultivos-en-invernadero-para-la-proxima-campana-2025-2026\\\/#breadcrumb\",\"itemListElement\":[{\"@type\":\"ListItem\",\"position\":1,\"name\":\"Portada\",\"item\":\"https:\\\/\\\/agrupalmeria.com\\\/\"},{\"@type\":\"ListItem\",\"position\":2,\"name\":\"Damos comienzo a la planificaci\u00f3n de los cultivos en invernadero para la pr\u00f3xima campa\u00f1a 2025-2026\"}]},{\"@type\":\"WebSite\",\"@id\":\"https:\\\/\\\/agrupalmeria.com\\\/#website\",\"url\":\"https:\\\/\\\/agrupalmeria.com\\\/\",\"name\":\"Agrupalmer\u00eda - El mejor tomate de Almer\u00eda\",\"description\":\"Subasta hortofrut\u00edcola con todas las variedades de tomate y el mejor tomate raf de Almer\u00eda\",\"publisher\":{\"@id\":\"https:\\\/\\\/agrupalmeria.com\\\/#organization\"},\"alternateName\":\"Agrupalmer\u00eda\",\"potentialAction\":[{\"@type\":\"SearchAction\",\"target\":{\"@type\":\"EntryPoint\",\"urlTemplate\":\"https:\\\/\\\/agrupalmeria.com\\\/?s={search_term_string}\"},\"query-input\":{\"@type\":\"PropertyValueSpecification\",\"valueRequired\":true,\"valueName\":\"search_term_string\"}}],\"inLanguage\":\"en-GB\"},{\"@type\":\"Organization\",\"@id\":\"https:\\\/\\\/agrupalmeria.com\\\/#organization\",\"name\":\"Agrupalmer\u00eda\",\"url\":\"https:\\\/\\\/agrupalmeria.com\\\/\",\"logo\":{\"@type\":\"ImageObject\",\"inLanguage\":\"en-GB\",\"@id\":\"https:\\\/\\\/agrupalmeria.com\\\/#\\\/schema\\\/logo\\\/image\\\/\",\"url\":\"https:\\\/\\\/agrupalmeria.com\\\/wp-content\\\/uploads\\\/2021\\\/11\\\/cropped-logotipo-agrupalmeria-color.png\",\"contentUrl\":\"https:\\\/\\\/agrupalmeria.com\\\/wp-content\\\/uploads\\\/2021\\\/11\\\/cropped-logotipo-agrupalmeria-color.png\",\"width\":5924,\"height\":1184,\"caption\":\"Agrupalmer\u00eda\"},\"image\":{\"@id\":\"https:\\\/\\\/agrupalmeria.com\\\/#\\\/schema\\\/logo\\\/image\\\/\"}},{\"@type\":\"Person\",\"@id\":\"https:\\\/\\\/agrupalmeria.com\\\/#\\\/schema\\\/person\\\/222c8c177ed35895570b6dccfdf53704\",\"name\":\"agrupacanada\",\"image\":{\"@type\":\"ImageObject\",\"inLanguage\":\"en-GB\",\"@id\":\"https:\\\/\\\/secure.gravatar.com\\\/avatar\\\/999d1ccb0214f7d3a7bad71297580526bbe715de95600baf3bb81cacbbe52663?s=96&d=mm&r=g\",\"url\":\"https:\\\/\\\/secure.gravatar.com\\\/avatar\\\/999d1ccb0214f7d3a7bad71297580526bbe715de95600baf3bb81cacbbe52663?s=96&d=mm&r=g\",\"contentUrl\":\"https:\\\/\\\/secure.gravatar.com\\\/avatar\\\/999d1ccb0214f7d3a7bad71297580526bbe715de95600baf3bb81cacbbe52663?s=96&d=mm&r=g\",\"caption\":\"agrupacanada\"},\"sameAs\":[\"https:\\\/\\\/agrupalmeria.com\"],\"url\":\"https:\\\/\\\/agrupalmeria.com\\\/en\\\/author\\\/agrupacanada\\\/\"}]}<\/script>\n<!-- \/ Yoast SEO Premium plugin. -->","yoast_head_json":{"title":"Damos comienzo a la planificaci\u00f3n de los cultivos en invernadero para la pr\u00f3xima campa\u00f1a 2025-2026 - Agrupalmer\u00eda","robots":{"index":"index","follow":"follow","max-snippet":"max-snippet:-1","max-image-preview":"max-image-preview:large","max-video-preview":"max-video-preview:-1"},"canonical":"https:\/\/agrupalmeria.com\/en\/damos-comienzo-a-la-planificacion-de-los-cultivos-en-invernadero-para-la-proxima-campana-2025-2026\/","og_locale":"en_GB","og_type":"article","og_title":"Damos comienzo a la planificaci\u00f3n de los cultivos en invernadero para la pr\u00f3xima campa\u00f1a 2025-2026","og_description":"Damos comienzo a la planificaci\u00f3n de los cultivos en invernadero para la pr\u00f3xima campa\u00f1a 2025-2026, y resulta fundamental tener en cuenta una serie de consideraciones t\u00e9cnicas clave que condicionar\u00e1n el buen desarrollo del ciclo productivo. Planificaci\u00f3n del cultivo: La planificaci\u00f3n del cultivo es una etapa fundamental que determina en gran medida el poder tener \u00e9xito &hellip; Read More \"Damos comienzo a la planificaci\u00f3n de los cultivos en invernadero para la pr\u00f3xima campa\u00f1a 2025-2026\"","og_url":"https:\/\/agrupalmeria.com\/en\/damos-comienzo-a-la-planificacion-de-los-cultivos-en-invernadero-para-la-proxima-campana-2025-2026\/","og_site_name":"Agrupalmer\u00eda","article_published_time":"2025-07-09T07:43:22+00:00","article_modified_time":"2025-07-09T07:47:28+00:00","og_image":[{"width":1288,"height":859,"url":"https:\/\/agrupalmeria.com\/wp-content\/uploads\/2025\/07\/Cabecera-blog-Agrupa-.png","type":"image\/png"}],"author":"agrupacanada","twitter_card":"summary_large_image","twitter_misc":{"Written by":"agrupacanada","Estimated reading time":"4 minutes"},"schema":{"@context":"https:\/\/schema.org","@graph":[{"@type":["Article","BlogPosting"],"@id":"https:\/\/agrupalmeria.com\/damos-comienzo-a-la-planificacion-de-los-cultivos-en-invernadero-para-la-proxima-campana-2025-2026\/#article","isPartOf":{"@id":"https:\/\/agrupalmeria.com\/damos-comienzo-a-la-planificacion-de-los-cultivos-en-invernadero-para-la-proxima-campana-2025-2026\/"},"author":{"name":"agrupacanada","@id":"https:\/\/agrupalmeria.com\/#\/schema\/person\/222c8c177ed35895570b6dccfdf53704"},"headline":"Damos comienzo a la planificaci\u00f3n de los cultivos en invernadero para la pr\u00f3xima campa\u00f1a 2025-2026","datePublished":"2025-07-09T07:43:22+00:00","dateModified":"2025-07-09T07:47:28+00:00","mainEntityOfPage":{"@id":"https:\/\/agrupalmeria.com\/damos-comienzo-a-la-planificacion-de-los-cultivos-en-invernadero-para-la-proxima-campana-2025-2026\/"},"wordCount":728,"publisher":{"@id":"https:\/\/agrupalmeria.com\/#organization"},"image":{"@id":"https:\/\/agrupalmeria.com\/damos-comienzo-a-la-planificacion-de-los-cultivos-en-invernadero-para-la-proxima-campana-2025-2026\/#primaryimage"},"thumbnailUrl":"https:\/\/agrupalmeria.com\/wp-content\/uploads\/2025\/07\/Cabecera-blog-Agrupa-.png","articleSection":["Campa\u00f1a"],"inLanguage":"en-GB"},{"@type":["WebPage","ItemPage"],"@id":"https:\/\/agrupalmeria.com\/damos-comienzo-a-la-planificacion-de-los-cultivos-en-invernadero-para-la-proxima-campana-2025-2026\/","url":"https:\/\/agrupalmeria.com\/damos-comienzo-a-la-planificacion-de-los-cultivos-en-invernadero-para-la-proxima-campana-2025-2026\/","name":"Damos comienzo a la planificaci\u00f3n de los cultivos en invernadero para la pr\u00f3xima campa\u00f1a 2025-2026 - Agrupalmer\u00eda","isPartOf":{"@id":"https:\/\/agrupalmeria.com\/#website"},"primaryImageOfPage":{"@id":"https:\/\/agrupalmeria.com\/damos-comienzo-a-la-planificacion-de-los-cultivos-en-invernadero-para-la-proxima-campana-2025-2026\/#primaryimage"},"image":{"@id":"https:\/\/agrupalmeria.com\/damos-comienzo-a-la-planificacion-de-los-cultivos-en-invernadero-para-la-proxima-campana-2025-2026\/#primaryimage"},"thumbnailUrl":"https:\/\/agrupalmeria.com\/wp-content\/uploads\/2025\/07\/Cabecera-blog-Agrupa-.png","datePublished":"2025-07-09T07:43:22+00:00","dateModified":"2025-07-09T07:47:28+00:00","breadcrumb":{"@id":"https:\/\/agrupalmeria.com\/damos-comienzo-a-la-planificacion-de-los-cultivos-en-invernadero-para-la-proxima-campana-2025-2026\/#breadcrumb"},"inLanguage":"en-GB","potentialAction":[{"@type":"ReadAction","target":["https:\/\/agrupalmeria.com\/damos-comienzo-a-la-planificacion-de-los-cultivos-en-invernadero-para-la-proxima-campana-2025-2026\/"]}]},{"@type":"ImageObject","inLanguage":"en-GB","@id":"https:\/\/agrupalmeria.com\/damos-comienzo-a-la-planificacion-de-los-cultivos-en-invernadero-para-la-proxima-campana-2025-2026\/#primaryimage","url":"https:\/\/agrupalmeria.com\/wp-content\/uploads\/2025\/07\/Cabecera-blog-Agrupa-.png","contentUrl":"https:\/\/agrupalmeria.com\/wp-content\/uploads\/2025\/07\/Cabecera-blog-Agrupa-.png","width":1288,"height":859},{"@type":"BreadcrumbList","@id":"https:\/\/agrupalmeria.com\/damos-comienzo-a-la-planificacion-de-los-cultivos-en-invernadero-para-la-proxima-campana-2025-2026\/#breadcrumb","itemListElement":[{"@type":"ListItem","position":1,"name":"Portada","item":"https:\/\/agrupalmeria.com\/"},{"@type":"ListItem","position":2,"name":"Damos comienzo a la planificaci\u00f3n de los cultivos en invernadero para la pr\u00f3xima campa\u00f1a 2025-2026"}]},{"@type":"WebSite","@id":"https:\/\/agrupalmeria.com\/#website","url":"https:\/\/agrupalmeria.com\/","name":"Agrupalmer\u00eda - El mejor tomate de Almer\u00eda","description":"Subasta hortofrut\u00edcola con todas las variedades de tomate y el mejor tomate raf de Almer\u00eda","publisher":{"@id":"https:\/\/agrupalmeria.com\/#organization"},"alternateName":"Agrupalmer\u00eda","potentialAction":[{"@type":"SearchAction","target":{"@type":"EntryPoint","urlTemplate":"https:\/\/agrupalmeria.com\/?s={search_term_string}"},"query-input":{"@type":"PropertyValueSpecification","valueRequired":true,"valueName":"search_term_string"}}],"inLanguage":"en-GB"},{"@type":"Organization","@id":"https:\/\/agrupalmeria.com\/#organization","name":"Agrupalmer\u00eda","url":"https:\/\/agrupalmeria.com\/","logo":{"@type":"ImageObject","inLanguage":"en-GB","@id":"https:\/\/agrupalmeria.com\/#\/schema\/logo\/image\/","url":"https:\/\/agrupalmeria.com\/wp-content\/uploads\/2021\/11\/cropped-logotipo-agrupalmeria-color.png","contentUrl":"https:\/\/agrupalmeria.com\/wp-content\/uploads\/2021\/11\/cropped-logotipo-agrupalmeria-color.png","width":5924,"height":1184,"caption":"Agrupalmer\u00eda"},"image":{"@id":"https:\/\/agrupalmeria.com\/#\/schema\/logo\/image\/"}},{"@type":"Person","@id":"https:\/\/agrupalmeria.com\/#\/schema\/person\/222c8c177ed35895570b6dccfdf53704","name":"agrupacanada","image":{"@type":"ImageObject","inLanguage":"en-GB","@id":"https:\/\/secure.gravatar.com\/avatar\/999d1ccb0214f7d3a7bad71297580526bbe715de95600baf3bb81cacbbe52663?s=96&d=mm&r=g","url":"https:\/\/secure.gravatar.com\/avatar\/999d1ccb0214f7d3a7bad71297580526bbe715de95600baf3bb81cacbbe52663?s=96&d=mm&r=g","contentUrl":"https:\/\/secure.gravatar.com\/avatar\/999d1ccb0214f7d3a7bad71297580526bbe715de95600baf3bb81cacbbe52663?s=96&d=mm&r=g","caption":"agrupacanada"},"sameAs":["https:\/\/agrupalmeria.com"],"url":"https:\/\/agrupalmeria.com\/en\/author\/agrupacanada\/"}]}},"_links":{"self":[{"href":"https:\/\/agrupalmeria.com\/en\/wp-json\/wp\/v2\/posts\/5256","targetHints":{"allow":["GET"]}}],"collection":[{"href":"https:\/\/agrupalmeria.com\/en\/wp-json\/wp\/v2\/posts"}],"about":[{"href":"https:\/\/agrupalmeria.com\/en\/wp-json\/wp\/v2\/types\/post"}],"author":[{"embeddable":true,"href":"https:\/\/agrupalmeria.com\/en\/wp-json\/wp\/v2\/users\/1"}],"replies":[{"embeddable":true,"href":"https:\/\/agrupalmeria.com\/en\/wp-json\/wp\/v2\/comments?post=5256"}],"version-history":[{"count":1,"href":"https:\/\/agrupalmeria.com\/en\/wp-json\/wp\/v2\/posts\/5256\/revisions"}],"predecessor-version":[{"id":5258,"href":"https:\/\/agrupalmeria.com\/en\/wp-json\/wp\/v2\/posts\/5256\/revisions\/5258"}],"wp:featuredmedia":[{"embeddable":true,"href":"https:\/\/agrupalmeria.com\/en\/wp-json\/wp\/v2\/media\/5259"}],"wp:attachment":[{"href":"https:\/\/agrupalmeria.com\/en\/wp-json\/wp\/v2\/media?parent=5256"}],"wp:term":[{"taxonomy":"category","embeddable":true,"href":"https:\/\/agrupalmeria.com\/en\/wp-json\/wp\/v2\/categories?post=5256"},{"taxonomy":"post_tag","embeddable":true,"href":"https:\/\/agrupalmeria.com\/en\/wp-json\/wp\/v2\/tags?post=5256"}],"curies":[{"name":"wp","href":"https:\/\/api.w.org\/{rel}","templated":true}]}}