{"id":4380,"date":"2023-02-22T13:52:48","date_gmt":"2023-02-22T13:52:48","guid":{"rendered":"https:\/\/agrupalmeria.com\/?p=4380"},"modified":"2023-02-22T13:52:48","modified_gmt":"2023-02-22T13:52:48","slug":"record-en-kilos-de-tomate-en-agrupalmeria","status":"publish","type":"post","link":"https:\/\/agrupalmeria.com\/en\/record-en-kilos-de-tomate-en-agrupalmeria\/","title":{"rendered":"R\u00e9cord en kilos de tomate en Agrupalmer\u00eda"},"content":{"rendered":"<p>\u00a1Hoy hemos batido r\u00e9cord en kilos de tomate en Agrupalmer\u00eda! \ud83d\udd1d\ud83c\udf45 As\u00ed se ve\u00eda la nave de Agrupalmer\u00eda hoy. \ud83d\ude0d<\/p>\n<p>Gracias a todos nuestros agricultores por confiar en nosotros.\u00a0<a href=\"https:\/\/www.linkedin.com\/feed\/hashtag\/?keywords=lafamiliaagrupalmer%C3%ADa&amp;highlightedUpdateUrns=urn%3Ali%3Aactivity%3A7031389766940004353\" data-attribute-index=\"0\">#Lafamiliaagrupalmer\u00eda<\/a>\u00a0es la uni\u00f3n de cada uno de los agricultores, de nuestros trabajadores, de nuestros comerciales y de nuestros tomates con un sabor \u00fanico. \ud83e\udd24 Esta uni\u00f3n es lo que nos hace llegar a la excelencia.<img fetchpriority=\"high\" decoding=\"async\" class=\"size-medium wp-image-4383 alignright\" src=\"https:\/\/agrupalmeria.com\/wp-content\/uploads\/2023\/02\/record_tomates_agrupalmeria_subasta-300x300.jpg\" alt=\"tomates en nave de agrupalmeria\" width=\"300\" height=\"300\" srcset=\"https:\/\/agrupalmeria.com\/wp-content\/uploads\/2023\/02\/record_tomates_agrupalmeria_subasta-300x300.jpg 300w, https:\/\/agrupalmeria.com\/wp-content\/uploads\/2023\/02\/record_tomates_agrupalmeria_subasta-1024x1024.jpg 1024w, https:\/\/agrupalmeria.com\/wp-content\/uploads\/2023\/02\/record_tomates_agrupalmeria_subasta-150x150.jpg 150w, https:\/\/agrupalmeria.com\/wp-content\/uploads\/2023\/02\/record_tomates_agrupalmeria_subasta-768x768.jpg 768w, https:\/\/agrupalmeria.com\/wp-content\/uploads\/2023\/02\/record_tomates_agrupalmeria_subasta-700x700.jpg 700w, https:\/\/agrupalmeria.com\/wp-content\/uploads\/2023\/02\/record_tomates_agrupalmeria_subasta-600x600.jpg 600w, https:\/\/agrupalmeria.com\/wp-content\/uploads\/2023\/02\/record_tomates_agrupalmeria_subasta-100x100.jpg 100w, https:\/\/agrupalmeria.com\/wp-content\/uploads\/2023\/02\/record_tomates_agrupalmeria_subasta.jpg 1080w\" sizes=\"(max-width: 300px) 100vw, 300px\" \/><\/p>\n<p>&nbsp;<\/p>\n<p>\ud83d\udd1d \ud83d\udc4c Una excelencia que, subasta tras subasta, buscan nuestros clientes. Gracias a vosotros tambi\u00e9n por depositar vuestra confianza en la calidad de nuestros productos. Sin vosotros no podr\u00eda existir Agrupalmer\u00eda. \u2764\ufe0f<\/p>\n<p>Este San Valent\u00edn nos hab\u00e9is regalado una subasta \u00fanica llegando a ese r\u00e9cord en kilos de tomate en Agrupalmer\u00eda. \u2764\ufe0fGRACIAS\u2764\ufe0f Os esperamos el jueves a partir de las 11 para la pr\u00f3xima subasta. \ud83d\ude09<\/p>\n<p>Recuerda que somos la \u00fanica subasta sin comercializadora de Almer\u00eda. T\u00fa, como agricultor, puedes asistir a nuestra subasta de tomate siempre que lo desees y ver la calidad de nuestro producto en directo. Si quieres m\u00e1s informaci\u00f3n sobre c\u00f3mo asistir a la subasta de Agrupalmer\u00eda <a href=\"https:\/\/agrupalmeria.com\/en\/contacto\/\">contacta con nosotros<\/a><\/p>\n<p>Si lo que prefieres es comprar directamente un <strong>tomate gourmet\u00a0<\/strong>y que te lo lleven a casa, entra en <a href=\"https:\/\/elrincondelraf.es\/\">El Rinc\u00f3n del Raf<\/a><\/p>","protected":false},"excerpt":{"rendered":"<p>\u00a1Hoy hemos batido r\u00e9cord en kilos de tomate en Agrupalmer\u00eda! \ud83d\udd1d\ud83c\udf45 As\u00ed se ve\u00eda la nave de Agrupalmer\u00eda hoy. \ud83d\ude0d Gracias a todos nuestros agricultores por confiar en nosotros.\u00a0#Lafamiliaagrupalmer\u00eda\u00a0es la uni\u00f3n de cada uno de los agricultores, de nuestros trabajadores, de nuestros comerciales y de nuestros tomates con un sabor \u00fanico. \ud83e\udd24 Esta uni\u00f3n es &hellip; <\/p>\n<p class=\"more-link-wrap\"><a href=\"https:\/\/agrupalmeria.com\/en\/record-en-kilos-de-tomate-en-agrupalmeria\/\" class=\"more-link\">Read More<span class=\"screen-reader-text\"> \u00abR\u00e9cord en kilos de tomate en Agrupalmer\u00eda\u00bb<\/span><\/a><\/p>","protected":false},"author":1,"featured_media":4382,"comment_status":"closed","ping_status":"open","sticky":false,"template":"","format":"standard","meta":{"inline_featured_image":false,"wprm-recipe-roundup-name":"","wprm-recipe-roundup-description":"","footnotes":""},"categories":[85,84],"tags":[199,202,148,204,205,102,211,92,208,201,207,200,203,190,196,197,210,146,195,209,198,206,101],"class_list":["post-4380","post","type-post","status-publish","format-standard","has-post-thumbnail","hentry","category-actualidad","category-mercado","tag-14defebrero","tag-agricultor","tag-agricultura","tag-agro","tag-agronegocio","tag-agrupalmeria","tag-aguadulce","tag-almeria","tag-almerimar","tag-cenarica","tag-elejido","tag-elrincondelraf","tag-empresa","tag-invernaderos","tag-kilostomaterojo","tag-kilostomateverde","tag-lacanada","tag-raf","tag-record","tag-roquetas","tag-sanvalentin","tag-subasta","tag-tomate"],"yoast_head":"<!-- This site is optimized with the Yoast SEO Premium plugin v18.9 (Yoast SEO v27.5) - https:\/\/yoast.com\/product\/yoast-seo-premium-wordpress\/ -->\n<title>R\u00e9cord en kilos de tomate en Agrupalmer\u00eda - Agrupalmer\u00eda<\/title>\n<meta name=\"description\" content=\"\u00a1Hoy hemos batido r\u00e9cord de kilos de tomate! As\u00ed se ve\u00eda la nave de Agrupalmer\u00eda gracias a la familia de Agrupalmer\u00eda\" \/>\n<meta name=\"robots\" content=\"index, follow, max-snippet:-1, max-image-preview:large, max-video-preview:-1\" \/>\n<link rel=\"canonical\" href=\"https:\/\/agrupalmeria.com\/en\/record-en-kilos-de-tomate-en-agrupalmeria\/\" \/>\n<meta property=\"og:locale\" content=\"en_GB\" \/>\n<meta property=\"og:type\" content=\"article\" \/>\n<meta property=\"og:title\" content=\"R\u00e9cord en kilos de tomate en Agrupalmer\u00eda\" \/>\n<meta property=\"og:description\" content=\"\u00a1Hoy hemos batido r\u00e9cord de kilos de tomate! As\u00ed se ve\u00eda la nave de Agrupalmer\u00eda gracias a la familia de Agrupalmer\u00eda\" \/>\n<meta property=\"og:url\" content=\"https:\/\/agrupalmeria.com\/en\/record-en-kilos-de-tomate-en-agrupalmeria\/\" \/>\n<meta property=\"og:site_name\" content=\"Agrupalmer\u00eda\" \/>\n<meta property=\"article:published_time\" content=\"2023-02-22T13:52:48+00:00\" \/>\n<meta property=\"og:image\" content=\"https:\/\/agrupalmeria.com\/wp-content\/uploads\/2023\/02\/record_kilos_tomate_agrupalmeria.jpg\" \/>\n\t<meta property=\"og:image:width\" content=\"1125\" \/>\n\t<meta property=\"og:image:height\" content=\"1102\" \/>\n\t<meta property=\"og:image:type\" content=\"image\/jpeg\" \/>\n<meta name=\"author\" content=\"agrupacanada\" \/>\n<meta name=\"twitter:card\" content=\"summary_large_image\" \/>\n<meta name=\"twitter:label1\" content=\"Written by\" \/>\n\t<meta name=\"twitter:data1\" content=\"agrupacanada\" \/>\n\t<meta name=\"twitter:label2\" content=\"Estimated reading time\" \/>\n\t<meta name=\"twitter:data2\" content=\"2 minutes\" \/>\n<script type=\"application\/ld+json\" class=\"yoast-schema-graph\">{\"@context\":\"https:\\\/\\\/schema.org\",\"@graph\":[{\"@type\":[\"Article\",\"BlogPosting\"],\"@id\":\"https:\\\/\\\/agrupalmeria.com\\\/record-en-kilos-de-tomate-en-agrupalmeria\\\/#article\",\"isPartOf\":{\"@id\":\"https:\\\/\\\/agrupalmeria.com\\\/record-en-kilos-de-tomate-en-agrupalmeria\\\/\"},\"author\":{\"name\":\"agrupacanada\",\"@id\":\"https:\\\/\\\/agrupalmeria.com\\\/#\\\/schema\\\/person\\\/222c8c177ed35895570b6dccfdf53704\"},\"headline\":\"R\u00e9cord en kilos de tomate en Agrupalmer\u00eda\",\"datePublished\":\"2023-02-22T13:52:48+00:00\",\"mainEntityOfPage\":{\"@id\":\"https:\\\/\\\/agrupalmeria.com\\\/record-en-kilos-de-tomate-en-agrupalmeria\\\/\"},\"wordCount\":225,\"publisher\":{\"@id\":\"https:\\\/\\\/agrupalmeria.com\\\/#organization\"},\"image\":{\"@id\":\"https:\\\/\\\/agrupalmeria.com\\\/record-en-kilos-de-tomate-en-agrupalmeria\\\/#primaryimage\"},\"thumbnailUrl\":\"https:\\\/\\\/agrupalmeria.com\\\/wp-content\\\/uploads\\\/2023\\\/02\\\/record_kilos_tomate_agrupalmeria.jpg\",\"keywords\":[\"14defebrero\",\"agricultor\",\"agricultura\",\"agro\",\"agronegocio\",\"agrupalmeria\",\"aguadulce\",\"almeria\",\"almerimar\",\"cenarica\",\"elejido\",\"elrinc\u00f3ndelraf\",\"empresa\",\"invernaderos\",\"kilostomaterojo\",\"kilostomateverde\",\"laca\u00f1ada\",\"raf\",\"r\u00e9cord\",\"roquetas\",\"sanvalent\u00edn\",\"subasta\",\"tomate\"],\"articleSection\":[\"Actualidad\",\"Mercado\"],\"inLanguage\":\"en-GB\"},{\"@type\":[\"WebPage\",\"ItemPage\"],\"@id\":\"https:\\\/\\\/agrupalmeria.com\\\/record-en-kilos-de-tomate-en-agrupalmeria\\\/\",\"url\":\"https:\\\/\\\/agrupalmeria.com\\\/record-en-kilos-de-tomate-en-agrupalmeria\\\/\",\"name\":\"R\u00e9cord en kilos de tomate en Agrupalmer\u00eda - Agrupalmer\u00eda\",\"isPartOf\":{\"@id\":\"https:\\\/\\\/agrupalmeria.com\\\/#website\"},\"primaryImageOfPage\":{\"@id\":\"https:\\\/\\\/agrupalmeria.com\\\/record-en-kilos-de-tomate-en-agrupalmeria\\\/#primaryimage\"},\"image\":{\"@id\":\"https:\\\/\\\/agrupalmeria.com\\\/record-en-kilos-de-tomate-en-agrupalmeria\\\/#primaryimage\"},\"thumbnailUrl\":\"https:\\\/\\\/agrupalmeria.com\\\/wp-content\\\/uploads\\\/2023\\\/02\\\/record_kilos_tomate_agrupalmeria.jpg\",\"datePublished\":\"2023-02-22T13:52:48+00:00\",\"description\":\"\u00a1Hoy hemos batido r\u00e9cord de kilos de tomate! As\u00ed se ve\u00eda la nave de Agrupalmer\u00eda gracias a la familia de Agrupalmer\u00eda\",\"breadcrumb\":{\"@id\":\"https:\\\/\\\/agrupalmeria.com\\\/record-en-kilos-de-tomate-en-agrupalmeria\\\/#breadcrumb\"},\"inLanguage\":\"en-GB\",\"potentialAction\":[{\"@type\":\"ReadAction\",\"target\":[\"https:\\\/\\\/agrupalmeria.com\\\/record-en-kilos-de-tomate-en-agrupalmeria\\\/\"]}]},{\"@type\":\"ImageObject\",\"inLanguage\":\"en-GB\",\"@id\":\"https:\\\/\\\/agrupalmeria.com\\\/record-en-kilos-de-tomate-en-agrupalmeria\\\/#primaryimage\",\"url\":\"https:\\\/\\\/agrupalmeria.com\\\/wp-content\\\/uploads\\\/2023\\\/02\\\/record_kilos_tomate_agrupalmeria.jpg\",\"contentUrl\":\"https:\\\/\\\/agrupalmeria.com\\\/wp-content\\\/uploads\\\/2023\\\/02\\\/record_kilos_tomate_agrupalmeria.jpg\",\"width\":1125,\"height\":1102,\"caption\":\"record en kilos de tomate de agrupalmeria\"},{\"@type\":\"BreadcrumbList\",\"@id\":\"https:\\\/\\\/agrupalmeria.com\\\/record-en-kilos-de-tomate-en-agrupalmeria\\\/#breadcrumb\",\"itemListElement\":[{\"@type\":\"ListItem\",\"position\":1,\"name\":\"Portada\",\"item\":\"https:\\\/\\\/agrupalmeria.com\\\/\"},{\"@type\":\"ListItem\",\"position\":2,\"name\":\"R\u00e9cord en kilos de tomate en Agrupalmer\u00eda\"}]},{\"@type\":\"WebSite\",\"@id\":\"https:\\\/\\\/agrupalmeria.com\\\/#website\",\"url\":\"https:\\\/\\\/agrupalmeria.com\\\/\",\"name\":\"Agrupalmer\u00eda - El mejor tomate de Almer\u00eda\",\"description\":\"Subasta hortofrut\u00edcola con todas las variedades de tomate y el mejor tomate raf de Almer\u00eda\",\"publisher\":{\"@id\":\"https:\\\/\\\/agrupalmeria.com\\\/#organization\"},\"alternateName\":\"Agrupalmer\u00eda\",\"potentialAction\":[{\"@type\":\"SearchAction\",\"target\":{\"@type\":\"EntryPoint\",\"urlTemplate\":\"https:\\\/\\\/agrupalmeria.com\\\/?s={search_term_string}\"},\"query-input\":{\"@type\":\"PropertyValueSpecification\",\"valueRequired\":true,\"valueName\":\"search_term_string\"}}],\"inLanguage\":\"en-GB\"},{\"@type\":\"Organization\",\"@id\":\"https:\\\/\\\/agrupalmeria.com\\\/#organization\",\"name\":\"Agrupalmer\u00eda\",\"url\":\"https:\\\/\\\/agrupalmeria.com\\\/\",\"logo\":{\"@type\":\"ImageObject\",\"inLanguage\":\"en-GB\",\"@id\":\"https:\\\/\\\/agrupalmeria.com\\\/#\\\/schema\\\/logo\\\/image\\\/\",\"url\":\"https:\\\/\\\/agrupalmeria.com\\\/wp-content\\\/uploads\\\/2021\\\/11\\\/cropped-logotipo-agrupalmeria-color.png\",\"contentUrl\":\"https:\\\/\\\/agrupalmeria.com\\\/wp-content\\\/uploads\\\/2021\\\/11\\\/cropped-logotipo-agrupalmeria-color.png\",\"width\":5924,\"height\":1184,\"caption\":\"Agrupalmer\u00eda\"},\"image\":{\"@id\":\"https:\\\/\\\/agrupalmeria.com\\\/#\\\/schema\\\/logo\\\/image\\\/\"}},{\"@type\":\"Person\",\"@id\":\"https:\\\/\\\/agrupalmeria.com\\\/#\\\/schema\\\/person\\\/222c8c177ed35895570b6dccfdf53704\",\"name\":\"agrupacanada\",\"image\":{\"@type\":\"ImageObject\",\"inLanguage\":\"en-GB\",\"@id\":\"https:\\\/\\\/secure.gravatar.com\\\/avatar\\\/999d1ccb0214f7d3a7bad71297580526bbe715de95600baf3bb81cacbbe52663?s=96&d=mm&r=g\",\"url\":\"https:\\\/\\\/secure.gravatar.com\\\/avatar\\\/999d1ccb0214f7d3a7bad71297580526bbe715de95600baf3bb81cacbbe52663?s=96&d=mm&r=g\",\"contentUrl\":\"https:\\\/\\\/secure.gravatar.com\\\/avatar\\\/999d1ccb0214f7d3a7bad71297580526bbe715de95600baf3bb81cacbbe52663?s=96&d=mm&r=g\",\"caption\":\"agrupacanada\"},\"sameAs\":[\"https:\\\/\\\/agrupalmeria.com\"],\"url\":\"https:\\\/\\\/agrupalmeria.com\\\/en\\\/author\\\/agrupacanada\\\/\"}]}<\/script>\n<!-- \/ Yoast SEO Premium plugin. -->","yoast_head_json":{"title":"R\u00e9cord en kilos de tomate en Agrupalmer\u00eda - Agrupalmer\u00eda","description":"\u00a1Hoy hemos batido r\u00e9cord de kilos de tomate! As\u00ed se ve\u00eda la nave de Agrupalmer\u00eda gracias a la familia de Agrupalmer\u00eda","robots":{"index":"index","follow":"follow","max-snippet":"max-snippet:-1","max-image-preview":"max-image-preview:large","max-video-preview":"max-video-preview:-1"},"canonical":"https:\/\/agrupalmeria.com\/en\/record-en-kilos-de-tomate-en-agrupalmeria\/","og_locale":"en_GB","og_type":"article","og_title":"R\u00e9cord en kilos de tomate en Agrupalmer\u00eda","og_description":"\u00a1Hoy hemos batido r\u00e9cord de kilos de tomate! As\u00ed se ve\u00eda la nave de Agrupalmer\u00eda gracias a la familia de Agrupalmer\u00eda","og_url":"https:\/\/agrupalmeria.com\/en\/record-en-kilos-de-tomate-en-agrupalmeria\/","og_site_name":"Agrupalmer\u00eda","article_published_time":"2023-02-22T13:52:48+00:00","og_image":[{"width":1125,"height":1102,"url":"https:\/\/agrupalmeria.com\/wp-content\/uploads\/2023\/02\/record_kilos_tomate_agrupalmeria.jpg","type":"image\/jpeg"}],"author":"agrupacanada","twitter_card":"summary_large_image","twitter_misc":{"Written by":"agrupacanada","Estimated reading time":"2 minutes"},"schema":{"@context":"https:\/\/schema.org","@graph":[{"@type":["Article","BlogPosting"],"@id":"https:\/\/agrupalmeria.com\/record-en-kilos-de-tomate-en-agrupalmeria\/#article","isPartOf":{"@id":"https:\/\/agrupalmeria.com\/record-en-kilos-de-tomate-en-agrupalmeria\/"},"author":{"name":"agrupacanada","@id":"https:\/\/agrupalmeria.com\/#\/schema\/person\/222c8c177ed35895570b6dccfdf53704"},"headline":"R\u00e9cord en kilos de tomate en Agrupalmer\u00eda","datePublished":"2023-02-22T13:52:48+00:00","mainEntityOfPage":{"@id":"https:\/\/agrupalmeria.com\/record-en-kilos-de-tomate-en-agrupalmeria\/"},"wordCount":225,"publisher":{"@id":"https:\/\/agrupalmeria.com\/#organization"},"image":{"@id":"https:\/\/agrupalmeria.com\/record-en-kilos-de-tomate-en-agrupalmeria\/#primaryimage"},"thumbnailUrl":"https:\/\/agrupalmeria.com\/wp-content\/uploads\/2023\/02\/record_kilos_tomate_agrupalmeria.jpg","keywords":["14defebrero","agricultor","agricultura","agro","agronegocio","agrupalmeria","aguadulce","almeria","almerimar","cenarica","elejido","elrinc\u00f3ndelraf","empresa","invernaderos","kilostomaterojo","kilostomateverde","laca\u00f1ada","raf","r\u00e9cord","roquetas","sanvalent\u00edn","subasta","tomate"],"articleSection":["Actualidad","Mercado"],"inLanguage":"en-GB"},{"@type":["WebPage","ItemPage"],"@id":"https:\/\/agrupalmeria.com\/record-en-kilos-de-tomate-en-agrupalmeria\/","url":"https:\/\/agrupalmeria.com\/record-en-kilos-de-tomate-en-agrupalmeria\/","name":"R\u00e9cord en kilos de tomate en Agrupalmer\u00eda - Agrupalmer\u00eda","isPartOf":{"@id":"https:\/\/agrupalmeria.com\/#website"},"primaryImageOfPage":{"@id":"https:\/\/agrupalmeria.com\/record-en-kilos-de-tomate-en-agrupalmeria\/#primaryimage"},"image":{"@id":"https:\/\/agrupalmeria.com\/record-en-kilos-de-tomate-en-agrupalmeria\/#primaryimage"},"thumbnailUrl":"https:\/\/agrupalmeria.com\/wp-content\/uploads\/2023\/02\/record_kilos_tomate_agrupalmeria.jpg","datePublished":"2023-02-22T13:52:48+00:00","description":"\u00a1Hoy hemos batido r\u00e9cord de kilos de tomate! As\u00ed se ve\u00eda la nave de Agrupalmer\u00eda gracias a la familia de Agrupalmer\u00eda","breadcrumb":{"@id":"https:\/\/agrupalmeria.com\/record-en-kilos-de-tomate-en-agrupalmeria\/#breadcrumb"},"inLanguage":"en-GB","potentialAction":[{"@type":"ReadAction","target":["https:\/\/agrupalmeria.com\/record-en-kilos-de-tomate-en-agrupalmeria\/"]}]},{"@type":"ImageObject","inLanguage":"en-GB","@id":"https:\/\/agrupalmeria.com\/record-en-kilos-de-tomate-en-agrupalmeria\/#primaryimage","url":"https:\/\/agrupalmeria.com\/wp-content\/uploads\/2023\/02\/record_kilos_tomate_agrupalmeria.jpg","contentUrl":"https:\/\/agrupalmeria.com\/wp-content\/uploads\/2023\/02\/record_kilos_tomate_agrupalmeria.jpg","width":1125,"height":1102,"caption":"record en kilos de tomate de agrupalmeria"},{"@type":"BreadcrumbList","@id":"https:\/\/agrupalmeria.com\/record-en-kilos-de-tomate-en-agrupalmeria\/#breadcrumb","itemListElement":[{"@type":"ListItem","position":1,"name":"Portada","item":"https:\/\/agrupalmeria.com\/"},{"@type":"ListItem","position":2,"name":"R\u00e9cord en kilos de tomate en Agrupalmer\u00eda"}]},{"@type":"WebSite","@id":"https:\/\/agrupalmeria.com\/#website","url":"https:\/\/agrupalmeria.com\/","name":"Agrupalmer\u00eda - El mejor tomate de Almer\u00eda","description":"Subasta hortofrut\u00edcola con todas las variedades de tomate y el mejor tomate raf de Almer\u00eda","publisher":{"@id":"https:\/\/agrupalmeria.com\/#organization"},"alternateName":"Agrupalmer\u00eda","potentialAction":[{"@type":"SearchAction","target":{"@type":"EntryPoint","urlTemplate":"https:\/\/agrupalmeria.com\/?s={search_term_string}"},"query-input":{"@type":"PropertyValueSpecification","valueRequired":true,"valueName":"search_term_string"}}],"inLanguage":"en-GB"},{"@type":"Organization","@id":"https:\/\/agrupalmeria.com\/#organization","name":"Agrupalmer\u00eda","url":"https:\/\/agrupalmeria.com\/","logo":{"@type":"ImageObject","inLanguage":"en-GB","@id":"https:\/\/agrupalmeria.com\/#\/schema\/logo\/image\/","url":"https:\/\/agrupalmeria.com\/wp-content\/uploads\/2021\/11\/cropped-logotipo-agrupalmeria-color.png","contentUrl":"https:\/\/agrupalmeria.com\/wp-content\/uploads\/2021\/11\/cropped-logotipo-agrupalmeria-color.png","width":5924,"height":1184,"caption":"Agrupalmer\u00eda"},"image":{"@id":"https:\/\/agrupalmeria.com\/#\/schema\/logo\/image\/"}},{"@type":"Person","@id":"https:\/\/agrupalmeria.com\/#\/schema\/person\/222c8c177ed35895570b6dccfdf53704","name":"agrupacanada","image":{"@type":"ImageObject","inLanguage":"en-GB","@id":"https:\/\/secure.gravatar.com\/avatar\/999d1ccb0214f7d3a7bad71297580526bbe715de95600baf3bb81cacbbe52663?s=96&d=mm&r=g","url":"https:\/\/secure.gravatar.com\/avatar\/999d1ccb0214f7d3a7bad71297580526bbe715de95600baf3bb81cacbbe52663?s=96&d=mm&r=g","contentUrl":"https:\/\/secure.gravatar.com\/avatar\/999d1ccb0214f7d3a7bad71297580526bbe715de95600baf3bb81cacbbe52663?s=96&d=mm&r=g","caption":"agrupacanada"},"sameAs":["https:\/\/agrupalmeria.com"],"url":"https:\/\/agrupalmeria.com\/en\/author\/agrupacanada\/"}]}},"_links":{"self":[{"href":"https:\/\/agrupalmeria.com\/en\/wp-json\/wp\/v2\/posts\/4380","targetHints":{"allow":["GET"]}}],"collection":[{"href":"https:\/\/agrupalmeria.com\/en\/wp-json\/wp\/v2\/posts"}],"about":[{"href":"https:\/\/agrupalmeria.com\/en\/wp-json\/wp\/v2\/types\/post"}],"author":[{"embeddable":true,"href":"https:\/\/agrupalmeria.com\/en\/wp-json\/wp\/v2\/users\/1"}],"replies":[{"embeddable":true,"href":"https:\/\/agrupalmeria.com\/en\/wp-json\/wp\/v2\/comments?post=4380"}],"version-history":[{"count":1,"href":"https:\/\/agrupalmeria.com\/en\/wp-json\/wp\/v2\/posts\/4380\/revisions"}],"predecessor-version":[{"id":4384,"href":"https:\/\/agrupalmeria.com\/en\/wp-json\/wp\/v2\/posts\/4380\/revisions\/4384"}],"wp:featuredmedia":[{"embeddable":true,"href":"https:\/\/agrupalmeria.com\/en\/wp-json\/wp\/v2\/media\/4382"}],"wp:attachment":[{"href":"https:\/\/agrupalmeria.com\/en\/wp-json\/wp\/v2\/media?parent=4380"}],"wp:term":[{"taxonomy":"category","embeddable":true,"href":"https:\/\/agrupalmeria.com\/en\/wp-json\/wp\/v2\/categories?post=4380"},{"taxonomy":"post_tag","embeddable":true,"href":"https:\/\/agrupalmeria.com\/en\/wp-json\/wp\/v2\/tags?post=4380"}],"curies":[{"name":"wp","href":"https:\/\/api.w.org\/{rel}","templated":true}]}}